{"id":9698,"date":"2026-03-13T14:04:06","date_gmt":"2026-03-13T13:04:06","guid":{"rendered":"http:\/\/www.amis-des-arts.fr\/?p=9698"},"modified":"2026-03-13T14:05:40","modified_gmt":"2026-03-13T13:05:40","slug":"jacques-santacatalina-expose-a-izeaux-jusquau-29-avril","status":"publish","type":"post","link":"http:\/\/www.amis-des-arts.fr\/?p=9698","title":{"rendered":"Jacques Santacatalina expose \u00e0 Izeaux jusqu&rsquo;au 29 avril"},"content":{"rendered":"\n<p>La m\u00e9diath\u00e8que d&rsquo;Izeaux accueille un artiste bien connu notamment des \u00ab\u00a0Amis des Arts de Voiron\u00a0\u00bb .<\/p>\n\n\n\n<p>ci-dessous l&rsquo;article paru dans le Dauphin\u00e9 Lib\u00e9r\u00e9 du 11 mars 2026.<\/p>\n\n\n<div class=\"wp-block-image\">\n<figure class=\"aligncenter size-full\"><a href=\"http:\/\/www.amis-des-arts.fr\/wp-content\/uploads\/2026\/03\/expo-Santa-izeaux.jpg\"><img decoding=\"async\" src=\"http:\/\/www.amis-des-arts.fr\/wp-content\/uploads\/2026\/03\/expo-Santa-izeaux.jpg\" alt=\"\" class=\"wp-image-9699\"\/><\/a><\/figure><\/div>\n\n\n<p><\/p>\n","protected":false},"excerpt":{"rendered":"<p>La m\u00e9diath\u00e8que d&rsquo;Izeaux accueille un artiste bien connu notamment des \u00ab\u00a0Amis des Arts de Voiron\u00a0\u00bb . ci-dessous l&rsquo;article paru dans le Dauphin\u00e9 Lib\u00e9r\u00e9 du 11 mars 2026.<\/p>\n","protected":false},"author":1,"featured_media":0,"comment_status":"closed","ping_status":"closed","sticky":false,"template":"","format":"standard","meta":{"ngg_post_thumbnail":0,"footnotes":""},"categories":[1],"tags":[],"class_list":["post-9698","post","type-post","status-publish","format-standard","hentry","category-non-classe"],"_links":{"self":[{"href":"http:\/\/www.amis-des-arts.fr\/index.php?rest_route=\/wp\/v2\/posts\/9698","targetHints":{"allow":["GET"]}}],"collection":[{"href":"http:\/\/www.amis-des-arts.fr\/index.php?rest_route=\/wp\/v2\/posts"}],"about":[{"href":"http:\/\/www.amis-des-arts.fr\/index.php?rest_route=\/wp\/v2\/types\/post"}],"author":[{"embeddable":true,"href":"http:\/\/www.amis-des-arts.fr\/index.php?rest_route=\/wp\/v2\/users\/1"}],"replies":[{"embeddable":true,"href":"http:\/\/www.amis-des-arts.fr\/index.php?rest_route=%2Fwp%2Fv2%2Fcomments&post=9698"}],"version-history":[{"count":2,"href":"http:\/\/www.amis-des-arts.fr\/index.php?rest_route=\/wp\/v2\/posts\/9698\/revisions"}],"predecessor-version":[{"id":9701,"href":"http:\/\/www.amis-des-arts.fr\/index.php?rest_route=\/wp\/v2\/posts\/9698\/revisions\/9701"}],"wp:attachment":[{"href":"http:\/\/www.amis-des-arts.fr\/index.php?rest_route=%2Fwp%2Fv2%2Fmedia&parent=9698"}],"wp:term":[{"taxonomy":"category","embeddable":true,"href":"http:\/\/www.amis-des-arts.fr\/index.php?rest_route=%2Fwp%2Fv2%2Fcategories&post=9698"},{"taxonomy":"post_tag","embeddable":true,"href":"http:\/\/www.amis-des-arts.fr\/index.php?rest_route=%2Fwp%2Fv2%2Ftags&post=9698"}],"curies":[{"name":"wp","href":"https:\/\/api.w.org\/{rel}","templated":true}]}}