{"id":9682,"date":"2026-03-12T18:23:06","date_gmt":"2026-03-12T17:23:06","guid":{"rendered":"http:\/\/www.amis-des-arts.fr\/?p=9682"},"modified":"2026-03-19T14:44:09","modified_gmt":"2026-03-19T13:44:09","slug":"voyage-aux-carrieres-de-lumieres-a-saint-remy-de-provence-le-26-avril-2026-et-non-le-25-comme-prealablement-annonce","status":"publish","type":"post","link":"http:\/\/www.amis-des-arts.fr\/?p=9682","title":{"rendered":"Voyage aux carri\u00e8res de lumi\u00e8res \u00e0 Saint R\u00e9my de Provence le 26 avril 2026 (et non le 25 comme pr\u00e9alablement annonc\u00e9.)"},"content":{"rendered":"\n<p>Bonjour,<\/p>\n\n\n\n<p>En raison d&rsquo;un changement de programmation des Carri\u00e8res des lumi\u00e8res dont la Direction a pris la d\u00e9cision de projeter Le petit prince \u00e0 la place de Frida Khalo et Picasso le 25 avril 2026, date que nous avions choisie  et annonc\u00e9e.<\/p>\n\n\n\n<p>Nous avons d\u00e9cid\u00e9 de reporter notre sortie au lendemain, soit le dimanche 26 avril 2026 aux m\u00eames horaires et aux m\u00eames conditions, o\u00f9 seront projet\u00e9es les oeuvres de Frida Khalo et Picasso<\/p>\n\n\n\n<p>Pour celles et ceux qui se sont d\u00e9j\u00e0 inscrits et qui ne pourraient pas venir du fait du changement de date, merci de nous en informer par retour de mail en pr\u00e9cisant vos coordonn\u00e9es (adresse postale ou rib) et nous vous rembourserons dans les plus brefs d\u00e9lais.<\/p>\n\n\n\n<p>Nous sommes vraiment d\u00e9sol\u00e9s pour cette modification et vous prions de nous en&nbsp; excuser.<br>Cordialement<\/p>\n\n\n\n<p>Donc&#8230;<\/p>\n\n\n\n<p>Apr\u00e8s les tr\u00e8s belles expositions Turner et Renoir \u00e0 la fondation Gianadda \u00e0 Martigny, nous vous proposons le 26 Avril 2026, la visite des Carri\u00e8res des Lumi\u00e8res dont le th\u00e8me sera Picasso et Frida Kahlo ainsi que la visite du Centre culturel et touristique du Clo\u00eetre Vincent Van Gogh, \u00e0 Saint R\u00e9my de Provence.<\/p>\n\n\n\n<p>Cette visite est ouverte aux adh\u00e9rents avec la possibilit\u00e9 d&rsquo;1 accompagnant non adh\u00e9rent.&nbsp;<\/p>\n\n\n\n<p>Pour en savoir plus, vous trouverez ci-dessous les renseignements concernant l&rsquo;organisation de cette journ\u00e9e.<\/p>\n\n\n\n<p>ORGANISATION ET MODALIT\u00c9S&nbsp;:<\/p>\n\n\n\n<p>Date, lieu et heure de d\u00e9part du bus&nbsp;:&nbsp;<br>Le d\u00e9part du Bus est programm\u00e9&nbsp;le dimanche 26 avril 2026 \u00e0&nbsp;7h&nbsp;(merci d&rsquo;\u00eatre sur place 30 mn avant le d\u00e9part)&nbsp;<br>Retour vers&nbsp;19h.<\/p>\n\n\n\n<p>Lieu de RDV&nbsp;:&nbsp;<br>Transport Philibert<br>Zone Artisanale, le Plan, 38140 Renage.<br><a href=\"https:\/\/fr.mappy.com\/poi\/50ad3cf984ae7287a21cf978\" target=\"_blank\" rel=\"noreferrer noopener\">https:\/\/fr.mappy.com\/poi\/50ad3cf984ae7287a21cf978<\/a><\/p>\n\n\n\n<p>Nous pourrons b\u00e9n\u00e9ficier de leur parking (Penser au covoiturage car le nombre de places est limit\u00e9)<\/p>\n\n\n\n<p>Visite des Carri\u00e8res des Lumi\u00e8res&nbsp;:<br>Arriv\u00e9e aux Carri\u00e8res des Lumi\u00e8res vers 10h-10h30&nbsp;: la visite d\u2019une dur\u00e9e de 1h-1h30 est libre&nbsp;<br>L&rsquo;entr\u00e9e&nbsp;:&nbsp;est de 14 \u20ac \/ personne&nbsp;<br><a href=\"https:\/\/www.carrieres-lumieres.com\/fr\" target=\"_blank\" rel=\"noreferrer noopener\">https:\/\/www.carrieres-lumieres.com\/fr<\/a><\/p>\n\n\n\n<p>Repas&nbsp;:<br>Le caf\u00e9 des carri\u00e8res n\u2019ayant pas la capacit\u00e9 d\u2019accueillir un grand groupe, il vous faudra pr\u00e9voir un pique-nique.&nbsp;<br>Le village des Baux de Provence est situ\u00e9 \u00e0 10 mn \u00e0 pieds des carri\u00e8res, nous pourrons profiter de notre temps de pause repas pour le visiter<\/p>\n\n\n\n<p>D\u00e9part du Bus pour Saint R\u00e9my de Provence \u00e0 14h&nbsp;:<br>Pr\u00e9voir d\u2019arriver 15 mn avant le d\u00e9part (le car restera gar\u00e9 sur le parking des Carri\u00e8res)<\/p>\n\n\n\n<p>Visite du Clo\u00eetre&nbsp;:<br>Arriv\u00e9e vers 14h30&nbsp;: la visite d\u2019une dur\u00e9e de 1h est libre<br>L\u2019entr\u00e9e&nbsp;: est de 7 \u20ac \/ personne&nbsp;<br><a href=\"https:\/\/www.saintpauldemausole.fr\/\" target=\"_blank\" rel=\"noreferrer noopener\">https:\/\/www.saintpauldemausole.fr\/<\/a><\/p>\n\n\n\n<p>Co\u00fbt de la journ\u00e9e&nbsp;par personne : 47 \u20ac&nbsp;<br>Soit&nbsp;:<br>Le voyage&nbsp;: 26&nbsp;: \u20ac&nbsp;<br>Les 2 entr\u00e9es&nbsp;: 21 \u20ac<\/p>\n\n\n\n<p>Date limite d\u2019inscription&nbsp;: le 15 mars 2026<\/p>\n\n\n\n<p>Si vous souhaitez participer \u00e0 cette sortie, merci d\u2019envoyer le coupon r\u00e9ponse ci-dessous, par mail \u00e0&nbsp;:&nbsp;<a href=\"mailto:amisdesartsdevoiron@gmail.com\" target=\"_blank\" rel=\"noreferrer noopener\">amisdesartsdevoiron@gmail.com<\/a><\/p>\n\n\n\n<p>Votre paiement est \u00e0 effectuer&nbsp;:<br>par ch\u00e8que \u00e0 l\u2019adresse suivante&nbsp;: Madame Emmanuelle SAINT SUPERY 136 rue de criel 38500 VOIRON<\/p>\n\n\n\n<p>ou par virement bancaire&nbsp;:&nbsp;<br>Les&nbsp;amis des Arts&nbsp;<br>IBAN FR76 1382 5002 0008 7766 0526 435<\/p>\n\n\n\n<p>Merci \u00e0 Sylvie CHACON qui a pris en charge l&rsquo;organisation de ce projet.<\/p>\n\n\n\n<p>Au plaisir de vous revoir tr\u00e8s prochainement.<\/p>\n\n\n\n<p><a href=\"https:\/\/drive.google.com\/open?id=1aGAvgsAbD-SR0uECM4EgjD9j5r6ZfAFpGR6jD_7vm3U\" target=\"_blank\" rel=\"noreferrer noopener\">&nbsp;<\/a><\/p>\n\n\n\n<figure class=\"wp-block-image size-large\"><a href=\"http:\/\/www.amis-des-arts.fr\/wp-content\/uploads\/2026\/03\/Coupon-voyage-reponse_2026-scaled.jpg\"><img loading=\"lazy\" decoding=\"async\" width=\"1024\" height=\"623\" src=\"http:\/\/www.amis-des-arts.fr\/wp-content\/uploads\/2026\/03\/Coupon-voyage-reponse_2026-1024x623.jpg\" alt=\"\" class=\"wp-image-9687\" srcset=\"http:\/\/www.amis-des-arts.fr\/wp-content\/uploads\/2026\/03\/Coupon-voyage-reponse_2026-1024x623.jpg 1024w, http:\/\/www.amis-des-arts.fr\/wp-content\/uploads\/2026\/03\/Coupon-voyage-reponse_2026-300x183.jpg 300w, http:\/\/www.amis-des-arts.fr\/wp-content\/uploads\/2026\/03\/Coupon-voyage-reponse_2026-768x468.jpg 768w, http:\/\/www.amis-des-arts.fr\/wp-content\/uploads\/2026\/03\/Coupon-voyage-reponse_2026-1536x935.jpg 1536w, http:\/\/www.amis-des-arts.fr\/wp-content\/uploads\/2026\/03\/Coupon-voyage-reponse_2026-2048x1247.jpg 2048w\" sizes=\"auto, (max-width: 1024px) 100vw, 1024px\" \/><\/a><\/figure>\n","protected":false},"excerpt":{"rendered":"<p>Bonjour, En raison d&rsquo;un changement de programmation des Carri\u00e8res des lumi\u00e8res dont la Direction a pris la d\u00e9cision de projeter Le petit prince \u00e0 la place de Frida Khalo et Picasso le 25 avril 2026, date que nous avions choisie et annonc\u00e9e. Nous avons d\u00e9cid\u00e9 de reporter notre sortie au lendemain, soit le dimanche 26 &hellip; <a href=\"http:\/\/www.amis-des-arts.fr\/?p=9682\" class=\"more-link\">Continuer la lecture de <span class=\"screen-reader-text\">Voyage aux carri\u00e8res de lumi\u00e8res \u00e0 Saint R\u00e9my de Provence le 26 avril 2026 (et non le 25 comme pr\u00e9alablement annonc\u00e9.)<\/span>  <span class=\"meta-nav\">&rarr;<\/span><\/a><\/p>\n","protected":false},"author":1,"featured_media":0,"comment_status":"open","ping_status":"open","sticky":false,"template":"","format":"standard","meta":{"ngg_post_thumbnail":0,"footnotes":""},"categories":[1],"tags":[],"class_list":["post-9682","post","type-post","status-publish","format-standard","hentry","category-non-classe"],"_links":{"self":[{"href":"http:\/\/www.amis-des-arts.fr\/index.php?rest_route=\/wp\/v2\/posts\/9682","targetHints":{"allow":["GET"]}}],"collection":[{"href":"http:\/\/www.amis-des-arts.fr\/index.php?rest_route=\/wp\/v2\/posts"}],"about":[{"href":"http:\/\/www.amis-des-arts.fr\/index.php?rest_route=\/wp\/v2\/types\/post"}],"author":[{"embeddable":true,"href":"http:\/\/www.amis-des-arts.fr\/index.php?rest_route=\/wp\/v2\/users\/1"}],"replies":[{"embeddable":true,"href":"http:\/\/www.amis-des-arts.fr\/index.php?rest_route=%2Fwp%2Fv2%2Fcomments&post=9682"}],"version-history":[{"count":4,"href":"http:\/\/www.amis-des-arts.fr\/index.php?rest_route=\/wp\/v2\/posts\/9682\/revisions"}],"predecessor-version":[{"id":9688,"href":"http:\/\/www.amis-des-arts.fr\/index.php?rest_route=\/wp\/v2\/posts\/9682\/revisions\/9688"}],"wp:attachment":[{"href":"http:\/\/www.amis-des-arts.fr\/index.php?rest_route=%2Fwp%2Fv2%2Fmedia&parent=9682"}],"wp:term":[{"taxonomy":"category","embeddable":true,"href":"http:\/\/www.amis-des-arts.fr\/index.php?rest_route=%2Fwp%2Fv2%2Fcategories&post=9682"},{"taxonomy":"post_tag","embeddable":true,"href":"http:\/\/www.amis-des-arts.fr\/index.php?rest_route=%2Fwp%2Fv2%2Ftags&post=9682"}],"curies":[{"name":"wp","href":"https:\/\/api.w.org\/{rel}","templated":true}]}}